{"id":7237,"__str__":"Requerimento n\u00ba 371 de 2013","link_detail_backend":"/materia/7237","metadata":{},"numero":371,"ano":2013,"numero_protocolo":null,"data_apresentacao":"2013-04-30","tipo_apresentacao":"","data_publicacao":null,"numero_origem_externa":"","ano_origem_externa":null,"data_origem_externa":null,"apelido":"","dias_prazo":null,"data_fim_prazo":null,"em_tramitacao":false,"polemica":null,"objeto":"","complementar":null,"ementa":"REQUER DO PREFEITO MUNICIPAL INFORMA\u00c7\u00d5ES SOBRE: O MUNIC\u00cdPIO ADERIU AO PROGRAMA SA\u00daDE NA ESCOLA?, CASO NEGATIVO, QUAIS OS MOTIVOS QUE LEVARAM A TAL DECIS\u00c3O?, O MUNIC\u00cdPIO VAI ADERIR AO PROGRAMA AT\u00c9 QUANDO?.","indexacao":"REQUER DO PREFEITO MUNICIPAL INFORMA\u00c7\u00d5ES SOBRE: O MUNIC\u00cdPIO ADERIU AO PROGRAMA SA\u00daDE NA ESCOLA?, CASO NEGATIVO, QUAIS OS MOTIVOS QUE LEVARAM A TAL DECIS\u00c3O?, O MUNIC\u00cdPIO VAI ADERIR AO PROGRAMA AT\u00c9 QUANDO?.","observacao":"of\u00edcio n\u00ba 189/2013","resultado":" ","texto_original":null,"data_ultima_atualizacao":"2018-10-05T13:36:43.027775-03:00","ip":"","ultima_edicao":null,"tipo":3,"regime_tramitacao":1,"tipo_origem_externa":null,"local_origem_externa":null,"user":null,"anexadas":[],"autores":[82]}