{"id":7274,"__str__":"Requerimento n\u00ba 393 de 2013","link_detail_backend":"/materia/7274","metadata":{},"numero":393,"ano":2013,"numero_protocolo":null,"data_apresentacao":"2013-05-07","tipo_apresentacao":"","data_publicacao":null,"numero_origem_externa":"","ano_origem_externa":null,"data_origem_externa":null,"apelido":"","dias_prazo":null,"data_fim_prazo":null,"em_tramitacao":false,"polemica":null,"objeto":"","complementar":null,"ementa":"O VEREADOR ROM\u00c1RIO DO PICOL\u00c9 SOLICITA AO \u00d3RG\u00c3O COMPETENTE DA PREFEITURA MUNICIPAL OPERA\u00c7\u00c3O TAPA BURACOS NAS RUAS JOS\u00c9 PASSOS DE OLIVEIRA BAIRRO ABOLI\u00c7\u00c3O, RUA AMADOR CARNEIRO DE MELO PARQUE DAS MANGABEIRAS.","indexacao":"O VEREADOR ROM\u00c1RIO DO PICOL\u00c9 SOLICITA AO \u00d3RG\u00c3O COMPETENTE DA PREFEITURA MUNICIPAL OPERA\u00c7\u00c3O TAPA BURACOS NAS RUAS JOS\u00c9 PASSOS DE OLIVEIRA BAIRRO ABOLI\u00c7\u00c3O, RUA AMADOR CARNEIRO DE MELO PARQUE DAS MANGABEIRAS.","observacao":"of\u00edcio n\u00ba 211/2013","resultado":" ","texto_original":null,"data_ultima_atualizacao":"2018-10-05T13:36:43.032831-03:00","ip":"","ultima_edicao":null,"tipo":3,"regime_tramitacao":1,"tipo_origem_externa":null,"local_origem_externa":null,"user":null,"anexadas":[],"autores":[82]}