{"id":7402,"__str__":"Requerimento n\u00ba 502 de 2013","link_detail_backend":"/materia/7402","metadata":{},"numero":502,"ano":2013,"numero_protocolo":null,"data_apresentacao":"2013-06-04","tipo_apresentacao":"","data_publicacao":null,"numero_origem_externa":"","ano_origem_externa":null,"data_origem_externa":null,"apelido":"","dias_prazo":null,"data_fim_prazo":null,"em_tramitacao":false,"polemica":null,"objeto":"","complementar":null,"ementa":"REQUER ESCLARECIMENTOS POR PARTE DA EMPRESA VERA CRUZ SOBRE ASSUNTOS LEVANTADOS  NO F\u00d3RUM COMUNIT\u00c1RIO REALIZADO NO DIA 03/06/2013, QUAL A JUSTIFICATIVA MATEM\u00c1TICA E ADMINISTRATIVA PARA TAL CONCORD\u00c2NCIA DA EMPRESA TER ACEITADO O REAJUSTE DE R$2.65, UMA VEZ QUE APRESENTOU UM PLANILHA SOLICITANDO A MAJORA\u00c7\u00c3O DA TARIFA DO TRANSPORTE PARA R$3.05. ","indexacao":"REQUER ESCLARECIMENTOS POR PARTE DA EMPRESA VERA CRUZ SOBRE ASSUNTOS LEVANTADOS  NO F\u00d3RUM COMUNIT\u00c1RIO REALIZADO NO DIA 03/06/2013, QUAL A JUSTIFICATIVA MATEM\u00c1TICA E ADMINISTRATIVA PARA TAL CONCORD\u00c2NCIA DA EMPRESA TER ACEITADO O REAJUSTE DE R$2.65, UMA VEZ QUE APRESENTOU UM PLANILHA SOLICITANDO A MAJORA\u00c7\u00c3O DA TARIFA DO TRANSPORTE PARA R$3.05. ","observacao":"of\u00edcio n\u00ba 282/2013","resultado":" ","texto_original":null,"data_ultima_atualizacao":"2018-10-05T13:36:43.050330-03:00","ip":"","ultima_edicao":null,"tipo":3,"regime_tramitacao":1,"tipo_origem_externa":null,"local_origem_externa":null,"user":null,"anexadas":[],"autores":[85]}