{"id":7878,"__str__":"Requerimento n\u00ba 911 de 2013","link_detail_backend":"/materia/7878","metadata":{},"numero":911,"ano":2013,"numero_protocolo":null,"data_apresentacao":"2013-09-24","tipo_apresentacao":"","data_publicacao":null,"numero_origem_externa":"","ano_origem_externa":null,"data_origem_externa":null,"apelido":"","dias_prazo":null,"data_fim_prazo":null,"em_tramitacao":false,"polemica":null,"objeto":"","complementar":null,"ementa":"ENCAMINHA MO\u00c7\u00c3O DE CONGRATULA\u00c7\u00c3O E RECONHECIMENTO AO TENENTE CORONEL NEY SAVIO DE OLIVEIRA, POR SUA APOSENTADORIA QUE OCORRE NO IDA DE HOJE DEPOIS DE TRINTA ANOS ININTERRUPTOS DE SERVI\u00c7OS PRESTADOS A POL\u00cdCIA MILITAR, E POR SUA PROMO\u00c7\u00c3O AO POSTO DE CORONEL, DEIXANDO ASSIM O COMANDO DO 37\u00ba BATALH\u00c3O DA PM. ","indexacao":"ENCAMINHA MO\u00c7\u00c3O DE CONGRATULA\u00c7\u00c3O E RECONHECIMENTO AO TENENTE CORONEL NEY SAVIO DE OLIVEIRA, POR SUA APOSENTADORIA QUE OCORRE NO IDA DE HOJE DEPOIS DE TRINTA ANOS ININTERRUPTOS DE SERVI\u00c7OS PRESTADOS A POL\u00cdCIA MILITAR, E POR SUA PROMO\u00c7\u00c3O AO POSTO DE CORONEL, DEIXANDO ASSIM O COMANDO DO 37\u00ba BATALH\u00c3O DA PM. ","observacao":"of\u00edcio n\u00ba 509/2013","resultado":" ","texto_original":null,"data_ultima_atualizacao":"2018-10-05T13:36:43.112542-03:00","ip":"","ultima_edicao":null,"tipo":3,"regime_tramitacao":1,"tipo_origem_externa":null,"local_origem_externa":null,"user":null,"anexadas":[],"autores":[81,85]}