{"id":8301,"__str__":"Projeto de Lei Ordin\u00e1ria n\u00ba 15 de 2014","link_detail_backend":"/materia/8301","metadata":{},"numero":15,"ano":2014,"numero_protocolo":null,"data_apresentacao":"2014-02-18","tipo_apresentacao":"E","data_publicacao":null,"numero_origem_externa":"","ano_origem_externa":null,"data_origem_externa":null,"apelido":"","dias_prazo":null,"data_fim_prazo":null,"em_tramitacao":false,"polemica":false,"objeto":"","complementar":false,"ementa":"ADITA-SE PAR\u00c1GRAFO \u00daNICO E RESPECTIVOS INCISOS AO ARTIGO 6\u00ba DA LEI N.\u00ba 3.922, DE 11 DE SETEMBRO DE 2001 &#8211; DISP\u00d5E SOBRE A POL\u00cdTICA MUNICIPAL PARA A INTEGRA\u00c7\u00c3O DA PESSOA COM NECESSIDADES ESPECIAIS E, CONSOLIDA SUAS NORMAS DE PROTE\u00c7\u00c3O","indexacao":"","observacao":"","resultado":" ","texto_original":"http://sapl.araxa.mg.leg.br/media/sapl/public/materialegislativa/2014/8301/8301_texto_integral.doc","data_ultima_atualizacao":"2018-10-05T13:37:07.683444-03:00","ip":"","ultima_edicao":null,"tipo":1,"regime_tramitacao":1,"tipo_origem_externa":null,"local_origem_externa":null,"user":null,"anexadas":[],"autores":[82]}