{"id":8317,"__str__":"Requerimento n\u00ba 74 de 2014","link_detail_backend":"/materia/8317","metadata":{},"numero":74,"ano":2014,"numero_protocolo":null,"data_apresentacao":"2014-02-25","tipo_apresentacao":"","data_publicacao":null,"numero_origem_externa":"","ano_origem_externa":null,"data_origem_externa":null,"apelido":"","dias_prazo":null,"data_fim_prazo":null,"em_tramitacao":false,"polemica":null,"objeto":"","complementar":null,"ementa":"ENCAMINHA MO\u00c7\u00c3O DE APLAUSOS E RECONHECIMENTO AO PROFESSOR ATLETA E MESTRE DE FAIXA PRETA 4\u00ba DAN, EVANDRO CARLOS DA SILVA, DA ACADEMIA ASSOCIA\u00c7\u00c3O ARAX\u00c1 DE TAEDWONDO, PELA CONQUISTA DE DUAS MEDALHAS DE OURO NO OPEN PAN-AMERICANO DE ARTES MARCIAIS DISPUTADO RECENTEMENTE EM MONTEVID\u00c9O, O URUGUAI.","indexacao":"ENCAMINHA MO\u00c7\u00c3O DE APLAUSOS E RECONHECIMENTO AO PROFESSOR ATLETA E MESTRE DE FAIXA PRETA 4\u00ba DAN, EVANDRO CARLOS DA SILVA, DA ACADEMIA ASSOCIA\u00c7\u00c3O ARAX\u00c1 DE TAEDWONDO, PELA CONQUISTA DE DUAS MEDALHAS DE OURO NO OPEN PAN-AMERICANO DE ARTES MARCIAIS DISPUTADO RECENTEMENTE EM MONTEVID\u00c9O, O URUGUAI.","observacao":"of\u00edcio n\u00ba 62/2014","resultado":" ","texto_original":null,"data_ultima_atualizacao":"2018-10-05T13:36:43.175013-03:00","ip":"","ultima_edicao":null,"tipo":3,"regime_tramitacao":1,"tipo_origem_externa":null,"local_origem_externa":null,"user":null,"anexadas":[],"autores":[81]}