{"id":8596,"__str__":"Requerimento n\u00ba 271 de 2014","link_detail_backend":"/materia/8596","metadata":{},"numero":271,"ano":2014,"numero_protocolo":null,"data_apresentacao":"2014-04-29","tipo_apresentacao":"","data_publicacao":null,"numero_origem_externa":"","ano_origem_externa":null,"data_origem_externa":null,"apelido":"","dias_prazo":null,"data_fim_prazo":null,"em_tramitacao":false,"polemica":null,"objeto":"","complementar":null,"ementa":"SOLICITA AO SECRET\u00c1RIO DE SEGURAN\u00c7A P\u00daBLICA A REVIS\u00c3O DA SINALIZA\u00c7\u00c3O HORIZONTAL E VERTICAL DA RUA PAR\u00c1 NO BAIRRO S\u00c3O GERALDO.","indexacao":"SOLICITA AO SECRET\u00c1RIO DE SEGURAN\u00c7A P\u00daBLICA A REVIS\u00c3O DA SINALIZA\u00c7\u00c3O HORIZONTAL E VERTICAL DA RUA PAR\u00c1 NO BAIRRO S\u00c3O GERALDO.","observacao":"of\u00edcio n\u00ba 177/2014","resultado":" ","texto_original":null,"data_ultima_atualizacao":"2018-10-05T13:36:43.211519-03:00","ip":"","ultima_edicao":null,"tipo":3,"regime_tramitacao":1,"tipo_origem_externa":null,"local_origem_externa":null,"user":null,"anexadas":[],"autores":[]}