{"id":8630,"__str__":"Requerimento n\u00ba 303 de 2014","link_detail_backend":"/materia/8630","metadata":{},"numero":303,"ano":2014,"numero_protocolo":null,"data_apresentacao":"2014-05-06","tipo_apresentacao":"","data_publicacao":null,"numero_origem_externa":"","ano_origem_externa":null,"data_origem_externa":null,"apelido":"","dias_prazo":null,"data_fim_prazo":null,"em_tramitacao":false,"polemica":null,"objeto":"","complementar":null,"ementa":"ENCAMINHA MO\u00c7\u00c3O DE CONGRATULA\u00c7\u00c3O E RECONHECIMENTO A ASSOCIA\u00c7\u00c3O DA M\u00c1RTIR FILOMENA NA PESSOA DE SEU PRESIDENTE O SENHOR ELSIMAR GILBERTO SILVA, PELA REALIZA\u00c7\u00c3O DO 24\u00ba ENCONTRO DE FOLIA QUE ACONTECEU NOS DIAS 1\u00ba A 04 DE MAIO, COM A REALIZA\u00c7\u00c3O DE V\u00c1RIOS SHOWS, FOLIAS, LEIL\u00d5ES, EM COMEMORA\u00c7\u00c3O AO ANIVERS\u00c1RIO DE MORTE DA M\u00c1RTIR FILOMENA, QUE \u00c9 COMEMORADO EM 04/05 ONDE ESTIVERAM PRESENTES 50 TERNOS DE FOLIA DE REIS ORIGIN\u00c1RIOS DE ARAX\u00c1 E TODA REGI\u00c3O.","indexacao":"ENCAMINHA MO\u00c7\u00c3O DE CONGRATULA\u00c7\u00c3O E RECONHECIMENTO A ASSOCIA\u00c7\u00c3O DA M\u00c1RTIR FILOMENA NA PESSOA DE SEU PRESIDENTE O SENHOR ELSIMAR GILBERTO SILVA, PELA REALIZA\u00c7\u00c3O DO 24\u00ba ENCONTRO DE FOLIA QUE ACONTECEU NOS DIAS 1\u00ba A 04 DE MAIO, COM A REALIZA\u00c7\u00c3O DE V\u00c1RIOS SHOWS, FOLIAS, LEIL\u00d5ES, EM COMEMORA\u00c7\u00c3O AO ANIVERS\u00c1RIO DE MORTE DA M\u00c1RTIR FILOMENA, QUE \u00c9 COMEMORADO EM 04/05 ONDE ESTIVERAM PRESENTES 50 TERNOS DE FOLIA DE REIS ORIGIN\u00c1RIOS DE ARAX\u00c1 E TODA REGI\u00c3O.","observacao":"of\u00edcio n\u00ba 184/2014","resultado":" ","texto_original":null,"data_ultima_atualizacao":"2018-10-05T13:36:43.215792-03:00","ip":"","ultima_edicao":null,"tipo":3,"regime_tramitacao":1,"tipo_origem_externa":null,"local_origem_externa":null,"user":null,"anexadas":[],"autores":[7]}