{"id":8705,"__str__":"Projeto de Lei Ordin\u00e1ria n\u00ba 127 de 2014","link_detail_backend":"/materia/8705","metadata":{},"numero":127,"ano":2014,"numero_protocolo":null,"data_apresentacao":"2014-05-30","tipo_apresentacao":"E","data_publicacao":null,"numero_origem_externa":"","ano_origem_externa":null,"data_origem_externa":null,"apelido":"","dias_prazo":null,"data_fim_prazo":null,"em_tramitacao":true,"polemica":false,"objeto":"","complementar":false,"ementa":"INSTITUI O PROGRAMA MUNICIPAL DE INCLUS\u00c3O INTERNACIONAL E D\u00c1 OUTRAS PROVID\u00caNCIAS &#8211; IMPLANTA\u00c7\u00c3O DO CENTRO OFICIAL REGIONAL DE CAPACITA\u00c7\u00c3O E CERTIFICA\u00c7\u00c3O NOS IDIOMAS ESPANHOL, CHIN\u00caS, FRANC\u00caS E INGL\u00caS &#8211; DESTINADO \u00c0 REALIZA\u00c7\u00c3O DE ESTUDOS PREPARAT\u00d3RIOS E DE APLICA\u00c7\u00c3O DE EXAMES DE CERTIFICA\u00c7\u00c3O INTERNACIONAL EM L\u00cdNGUAS E AUTORIZA TAMB\u00c9M, A REALIZA\u00c7\u00c3O DE CONV\u00caNIOS QUE PERMITIR\u00c3O AO MUNIC\u00cdPIO APOIO NA IMPLANTA\u00c7\u00c3O E FUNCIONAMENTO DO REFERIDO CENTRO NAS DEPEND\u00caNCIAS DO INSTITUTO COLOMBO  ","indexacao":"","observacao":"A vota\u00e7\u00e3o ficou da seguinte forma: Contra a proposta: Vereadores Eust\u00e1quio Pereira, Sargento Amilton, Fabiano Santos; Alexandre Irm\u00e3os Paula; Rom\u00e1rio do Picol\u00e9; Juninho da Farm\u00e1cia, F\u00e1rely Cabeleireiro e Pez\u00e3o. A favor da proposta: Vereadores Professor Cachoeira; Marc\u00edlio da Prefeitura; Garrado e Pastor Moacir","resultado":" ","texto_original":"http://sapl.araxa.mg.leg.br/media/sapl/public/materialegislativa/2014/8705/8705_texto_integral.doc","data_ultima_atualizacao":"2018-10-05T13:37:09.318748-03:00","ip":"","ultima_edicao":null,"tipo":1,"regime_tramitacao":1,"tipo_origem_externa":null,"local_origem_externa":null,"user":null,"anexadas":[],"autores":[69]}