{"id":8728,"__str__":"Requerimento n\u00ba 371 de 2014","link_detail_backend":"/materia/8728","metadata":{},"numero":371,"ano":2014,"numero_protocolo":null,"data_apresentacao":"2014-06-03","tipo_apresentacao":"","data_publicacao":null,"numero_origem_externa":"","ano_origem_externa":null,"data_origem_externa":null,"apelido":"","dias_prazo":null,"data_fim_prazo":null,"em_tramitacao":false,"polemica":null,"objeto":"","complementar":null,"ementa":"SOLICITA ESCLARECIMENTO AO PREFEITO MUNICIPAL E AO SECRET\u00c1RIO DE PLANEJAMENTO E GEST\u00c3O SENHOR ALEX RIBEIRO SOBRE O TERRENO LOCALIZADO AO LADO DA ESCOLA MUNICIPAL FRANCISCO PRIMO DE MELO, LOCALIZADA \u00c1 RUA SUCUPIRA N\u00ba 93, BOSQUE DOS IP\u00caS INFORMANDO A ESTA CASA LEGISLATIVA, SE A PREFEITURA \u00c9 A PROPRIET\u00c1RIA DO IM\u00d3VEL, POR QUAL VALOR E QUANDO O IM\u00d3VEL FOI ADQUIRIDO E PARA QUAL FINALIDADE.","indexacao":"SOLICITA ESCLARECIMENTO AO PREFEITO MUNICIPAL E AO SECRET\u00c1RIO DE PLANEJAMENTO E GEST\u00c3O SENHOR ALEX RIBEIRO SOBRE O TERRENO LOCALIZADO AO LADO DA ESCOLA MUNICIPAL FRANCISCO PRIMO DE MELO, LOCALIZADA \u00c1 RUA SUCUPIRA N\u00ba 93, BOSQUE DOS IP\u00caS INFORMANDO A ESTA CASA LEGISLATIVA, SE A PREFEITURA \u00c9 A PROPRIET\u00c1RIA DO IM\u00d3VEL, POR QUAL VALOR E QUANDO O IM\u00d3VEL FOI ADQUIRIDO E PARA QUAL FINALIDADE.","observacao":"of\u00edcio n\u00ba 220/2014","resultado":" ","texto_original":null,"data_ultima_atualizacao":"2018-10-05T13:36:43.228342-03:00","ip":"","ultima_edicao":null,"tipo":3,"regime_tramitacao":1,"tipo_origem_externa":null,"local_origem_externa":null,"user":null,"anexadas":[],"autores":[7]}