{"id":8768,"__str__":"Projeto de Lei Ordin\u00e1ria n\u00ba 162 de 2014","link_detail_backend":"/materia/8768","metadata":{},"numero":162,"ano":2014,"numero_protocolo":null,"data_apresentacao":"2014-06-17","tipo_apresentacao":"E","data_publicacao":null,"numero_origem_externa":"","ano_origem_externa":null,"data_origem_externa":null,"apelido":"","dias_prazo":null,"data_fim_prazo":null,"em_tramitacao":false,"polemica":false,"objeto":"","complementar":false,"ementa":"AUTORIZA A ASSINATURA DE CONV\u00caNIO E D\u00c1 OUTRAS PROVID\u00caNCIAS &#8211; CONV\u00caNIO COM A ASSOCIA\u00c7\u00c3O CULTURAL, ART\u00cdSTICA E DE TALENTOS DE ARAX\u00c1 &#8211; ACATA NO VALOR DE R$ 50.000,00 PARA QUE ESTA POSSA ADEQUAR A ESTRUTURA DA FEIRA CULTURAL, ART\u00cdSTICA E DE ARTESANATO REALIZADA DE FORMA PERMANENTE PELA ENTIDADE, NA DIVULGA\u00c7\u00c3O DOS PRODUTOS DE ARAX\u00c1 ","indexacao":"","observacao":"","resultado":" ","texto_original":"http://sapl.araxa.mg.leg.br/media/sapl/public/materialegislativa/2014/8768/8768_texto_integral.doc","data_ultima_atualizacao":"2018-10-05T13:37:08.095676-03:00","ip":"","ultima_edicao":null,"tipo":1,"regime_tramitacao":1,"tipo_origem_externa":null,"local_origem_externa":null,"user":null,"anexadas":[],"autores":[92]}