{"id":8881,"__str__":"Requerimento n\u00ba 495 de 2014","link_detail_backend":"/materia/8881","metadata":{},"numero":495,"ano":2014,"numero_protocolo":null,"data_apresentacao":"2014-07-22","tipo_apresentacao":"","data_publicacao":null,"numero_origem_externa":"","ano_origem_externa":null,"data_origem_externa":null,"apelido":"","dias_prazo":null,"data_fim_prazo":null,"em_tramitacao":false,"polemica":null,"objeto":"","complementar":null,"ementa":"ENCAMINHA MO\u00c7\u00c3O DE CONGRATULA\u00c7\u00d5ES AO SENHOR ILDEU DO COUTO BALBINO PRESIDENTE DA ASSOCIA\u00c7\u00c3O DOS JU\u00cdZES CLASSISTAS APOSENTADOS DA JUSTI\u00c7A DO TRABALHO DA TERCEIRA REGI\u00c3O PELO EXCELENTE E EFETIVO TRABALHO, REALIZADO PELA ATUAL DIRETORIA EM PROL DOS REPRESENTANTES CLASSISTA APOSENTADOS.","indexacao":"ENCAMINHA MO\u00c7\u00c3O DE CONGRATULA\u00c7\u00d5ES AO SENHOR ILDEU DO COUTO BALBINO PRESIDENTE DA ASSOCIA\u00c7\u00c3O DOS JU\u00cdZES CLASSISTAS APOSENTADOS DA JUSTI\u00c7A DO TRABALHO DA TERCEIRA REGI\u00c3O PELO EXCELENTE E EFETIVO TRABALHO, REALIZADO PELA ATUAL DIRETORIA EM PROL DOS REPRESENTANTES CLASSISTA APOSENTADOS.","observacao":"of\u00edcio n\u00ba 288/2014","resultado":" ","texto_original":null,"data_ultima_atualizacao":"2018-10-05T13:36:43.251261-03:00","ip":"","ultima_edicao":null,"tipo":3,"regime_tramitacao":1,"tipo_origem_externa":null,"local_origem_externa":null,"user":null,"anexadas":[],"autores":[66]}