{"id":8889,"__str__":"Requerimento n\u00ba 500 de 2014","link_detail_backend":"/materia/8889","metadata":{},"numero":500,"ano":2014,"numero_protocolo":null,"data_apresentacao":"2014-07-29","tipo_apresentacao":"","data_publicacao":null,"numero_origem_externa":"","ano_origem_externa":null,"data_origem_externa":null,"apelido":"","dias_prazo":null,"data_fim_prazo":null,"em_tramitacao":false,"polemica":null,"objeto":"","complementar":null,"ementa":"SOLICITA DA SECRETARIA MUNICIPAL DE DESENVOLVIMENTO URBANO, A POSSIBILIDADE DE VISTORIA REFERENTE \u00c0 SEGURAN\u00c7A E NORMAS DE ADEQUA\u00c7\u00d5ES DAS ESCADAS DOS CANTEIROS CENTRAIS DAS AVENIDAS PREFEITO ARACELY DE PAULA E AVENIDA SEBASTI\u00c3O DA AFONSECA E SILVA.","indexacao":"SOLICITA DA SECRETARIA MUNICIPAL DE DESENVOLVIMENTO URBANO, A POSSIBILIDADE DE VISTORIA REFERENTE \u00c0 SEGURAN\u00c7A E NORMAS DE ADEQUA\u00c7\u00d5ES DAS ESCADAS DOS CANTEIROS CENTRAIS DAS AVENIDAS PREFEITO ARACELY DE PAULA E AVENIDA SEBASTI\u00c3O DA AFONSECA E SILVA.","observacao":"of\u00edcio n\u00ba 299/2014","resultado":" ","texto_original":null,"data_ultima_atualizacao":"2018-10-05T13:36:43.252593-03:00","ip":"","ultima_edicao":null,"tipo":3,"regime_tramitacao":1,"tipo_origem_externa":null,"local_origem_externa":null,"user":null,"anexadas":[],"autores":[83]}