{"id":9150,"__str__":"Requerimento n\u00ba 711 de 2014","link_detail_backend":"/materia/9150","metadata":{},"numero":711,"ano":2014,"numero_protocolo":null,"data_apresentacao":"2014-09-30","tipo_apresentacao":"","data_publicacao":null,"numero_origem_externa":"","ano_origem_externa":null,"data_origem_externa":null,"apelido":"","dias_prazo":null,"data_fim_prazo":null,"em_tramitacao":false,"polemica":null,"objeto":"","complementar":null,"ementa":"SEJA SOLICITADO A SENHORA D\u00c9BORA ARANTES AFONSO FRANCISCO, PRESIDENTE DA FUNDA\u00c7\u00c3O CULTURAL CALMON BARRETO, PARA QUE PROVIDENCIE A INSTALA\u00c7\u00c3O DE EQUIPAMENTOS DE GRAVA\u00c7\u00c3O DE IMAGENS DAS C\u00c2MARAS DE SEGURAN\u00c7A NOS MUSEUS DE ARAX\u00c1.","indexacao":"SEJA SOLICITADO A SENHORA D\u00c9BORA ARANTES AFONSO FRANCISCO, PRESIDENTE DA FUNDA\u00c7\u00c3O CULTURAL CALMON BARRETO, PARA QUE PROVIDENCIE A INSTALA\u00c7\u00c3O DE EQUIPAMENTOS DE GRAVA\u00c7\u00c3O DE IMAGENS DAS C\u00c2MARAS DE SEGURAN\u00c7A NOS MUSEUS DE ARAX\u00c1.","observacao":"of\u00edcio n\u00ba 409/2014","resultado":" ","texto_original":null,"data_ultima_atualizacao":"2018-10-05T13:36:43.286356-03:00","ip":"","ultima_edicao":null,"tipo":3,"regime_tramitacao":1,"tipo_origem_externa":null,"local_origem_externa":null,"user":null,"anexadas":[],"autores":[81]}