{"id":9674,"__str__":"Requerimento n\u00ba 307 de 2015","link_detail_backend":"/materia/9674","metadata":{},"numero":307,"ano":2015,"numero_protocolo":null,"data_apresentacao":"2015-04-28","tipo_apresentacao":"","data_publicacao":null,"numero_origem_externa":"","ano_origem_externa":null,"data_origem_externa":null,"apelido":"","dias_prazo":null,"data_fim_prazo":null,"em_tramitacao":false,"polemica":null,"objeto":"","complementar":null,"ementa":"QUE SEJA REMETIDO O PRESENTE  REQUERIMENTO AO EXCELENT\u00cdSSIMO PREFEITO MUNICIPAL DE ARAX\u00c1 SOLICITANDO AQUISI\u00c7\u00c3O DE CADEIRAS DE RODAS PARA O PAM - PRONTO SOCORRO MUNICIPAL.","indexacao":"QUE SEJA REMETIDO O PRESENTE  REQUERIMENTO AO EXCELENT\u00cdSSIMO PREFEITO MUNICIPAL DE ARAX\u00c1 SOLICITANDO AQUISI\u00c7\u00c3O DE CADEIRAS DE RODAS PARA O PAM - PRONTO SOCORRO MUNICIPAL.","observacao":"of\u00edcio n\u00ba 157/2015","resultado":" ","texto_original":null,"data_ultima_atualizacao":"2018-10-05T13:36:43.359652-03:00","ip":"","ultima_edicao":null,"tipo":3,"regime_tramitacao":1,"tipo_origem_externa":null,"local_origem_externa":null,"user":null,"anexadas":[],"autores":[]}