{"id":9888,"__str__":"Requerimento n\u00ba 472 de 2015","link_detail_backend":"/materia/9888","metadata":{},"numero":472,"ano":2015,"numero_protocolo":null,"data_apresentacao":"2015-06-16","tipo_apresentacao":"","data_publicacao":null,"numero_origem_externa":"","ano_origem_externa":null,"data_origem_externa":null,"apelido":"","dias_prazo":null,"data_fim_prazo":null,"em_tramitacao":false,"polemica":null,"objeto":"","complementar":null,"ementa":"SEJA ENCAMINHADO AO SECRET\u00c1RIO MUNICIPAL DE DESENVOLVIMENTO URBANO, O ESTUDO POR VOSSA PARTE DA POSSIBILIDADE DE COLOCAR COBERTURA NO PONTO DE \u00d4NIBUS DA AVENIDA SEBASTI\u00c3O FERREIRA PINTO EM FRENTE O N\u00daMERO 670 NO BAIRRO ANA PINTO DE ALMEIDA.","indexacao":"SEJA ENCAMINHADO AO SECRET\u00c1RIO MUNICIPAL DE DESENVOLVIMENTO URBANO, O ESTUDO POR VOSSA PARTE DA POSSIBILIDADE DE COLOCAR COBERTURA NO PONTO DE \u00d4NIBUS DA AVENIDA SEBASTI\u00c3O FERREIRA PINTO EM FRENTE O N\u00daMERO 670 NO BAIRRO ANA PINTO DE ALMEIDA.","observacao":"of\u00edcio n\u00ba 228/2015","resultado":" ","texto_original":null,"data_ultima_atualizacao":"2018-10-05T13:36:43.387269-03:00","ip":"","ultima_edicao":null,"tipo":3,"regime_tramitacao":1,"tipo_origem_externa":null,"local_origem_externa":null,"user":null,"anexadas":[],"autores":[7]}